{"id":1751,"date":"2026-04-13T12:17:30","date_gmt":"2026-04-13T10:17:30","guid":{"rendered":"https:\/\/learnerproject.org\/entrevista-a-aina-tarabini-ip-del-proyecto-learner-sobre-abandono-escolar-en-el-pais\/"},"modified":"2026-04-13T12:37:03","modified_gmt":"2026-04-13T10:37:03","slug":"entrevista-a-aina-tarabini-ip-del-proyecto-learner-sobre-abandono-escolar-en-el-pais","status":"publish","type":"post","link":"https:\/\/learnerproject.org\/es\/entrevista-a-aina-tarabini-ip-del-proyecto-learner-sobre-abandono-escolar-en-el-pais\/","title":{"rendered":"Entrevista a Aina Tarabini (IP del Proyecto LEARNER) sobre abandono escolar en El Pa\u00eds"},"content":{"rendered":"\n<p><\/p>\n\n<p><p style=\"font-weight: 400;\">Aina Tarabini, IP del proyecto LEARNER y profesora e investigadora de la Universitat Aut\u00f2noma de Barcelona (UAB), ha sido entrevistada en\u00a0el peri\u00f3dico <strong><em>El Pa\u00eds<\/em><\/strong>\u00a0sobre el abandono escolar temprano en Espa\u00f1a. En la entrevista, argumenta que las cifras visibles son solo la punta del iceberg de desigualdades mucho m\u00e1s profundas, y que el verdadero problema comienza antes y de forma silenciosa, con procesos acumulados de desconexi\u00f3n y p\u00e9rdida de sentido escolar que condicionan las trayectorias educativas desde etapas tempranas. Una mirada que conecta directamente con las preguntas que gu\u00edan el proyecto LEARNER.<\/p><\/p>\n\n<p><p style=\"font-weight: 400;\"><strong>Pod\u00e9is leer la entrevista completa\u00a0<a href=\"https:\/\/elpais.com\/economia\/formacion\/2026-04-10\/aina-tarabini-sociologa-el-abandono-escolar-es-solo-la-parte-visible-de-desigualdades-mucho-mas-profundas.html\">aqu\u00ed<\/a>.<\/strong><\/p><\/p>\n\n<p class=\"has-medium-font-size\"><\/p>\n\n<p><\/p>\n","protected":false},"excerpt":{"rendered":"<p>Aina Tarabini, IP del proyecto LEARNER y profesora e investigadora de la Universitat Aut\u00f2noma de Barcelona (UAB), ha sido entrevistada en\u00a0el peri\u00f3dico El Pa\u00eds\u00a0sobre el abandono escolar temprano en Espa\u00f1a. En la entrevista, argumenta que las cifras visibles son solo la punta del iceberg de desigualdades mucho m\u00e1s profundas, y que el verdadero problema comienza [&hellip;]<\/p>\n","protected":false},"author":3,"featured_media":1750,"comment_status":"closed","ping_status":"closed","sticky":false,"template":"","format":"standard","meta":{"footnotes":""},"categories":[19],"tags":[],"class_list":["post-1751","post","type-post","status-publish","format-standard","has-post-thumbnail","hentry","category-noticias-es"],"_links":{"self":[{"href":"https:\/\/learnerproject.org\/es\/wp-json\/wp\/v2\/posts\/1751","targetHints":{"allow":["GET"]}}],"collection":[{"href":"https:\/\/learnerproject.org\/es\/wp-json\/wp\/v2\/posts"}],"about":[{"href":"https:\/\/learnerproject.org\/es\/wp-json\/wp\/v2\/types\/post"}],"author":[{"embeddable":true,"href":"https:\/\/learnerproject.org\/es\/wp-json\/wp\/v2\/users\/3"}],"replies":[{"embeddable":true,"href":"https:\/\/learnerproject.org\/es\/wp-json\/wp\/v2\/comments?post=1751"}],"version-history":[{"count":1,"href":"https:\/\/learnerproject.org\/es\/wp-json\/wp\/v2\/posts\/1751\/revisions"}],"predecessor-version":[{"id":1753,"href":"https:\/\/learnerproject.org\/es\/wp-json\/wp\/v2\/posts\/1751\/revisions\/1753"}],"wp:featuredmedia":[{"embeddable":true,"href":"https:\/\/learnerproject.org\/es\/wp-json\/wp\/v2\/media\/1750"}],"wp:attachment":[{"href":"https:\/\/learnerproject.org\/es\/wp-json\/wp\/v2\/media?parent=1751"}],"wp:term":[{"taxonomy":"category","embeddable":true,"href":"https:\/\/learnerproject.org\/es\/wp-json\/wp\/v2\/categories?post=1751"},{"taxonomy":"post_tag","embeddable":true,"href":"https:\/\/learnerproject.org\/es\/wp-json\/wp\/v2\/tags?post=1751"}],"curies":[{"name":"wp","href":"https:\/\/api.w.org\/{rel}","templated":true}]}}