{"id":1167,"date":"2024-02-28T14:00:41","date_gmt":"2024-02-28T13:00:41","guid":{"rendered":"https:\/\/learnerproject.org\/ivan-cerrillo\/"},"modified":"2024-04-22T11:41:47","modified_gmt":"2024-04-22T09:41:47","slug":"ivan-cerrillo","status":"publish","type":"post","link":"https:\/\/learnerproject.org\/es\/ivan-cerrillo\/","title":{"rendered":"Ivan Cerrillo"},"content":{"rendered":"\n<p>Ivan Cerrillo es un investigador predoctoral en el Departamento de Sociolog\u00eda de la Universidad Aut\u00f3noma de Barcelona (UAB). Posee un Grado en Ciencias Pol\u00edticas y de la Administraci\u00f3n (UPF) y M\u00e1ster en Gesti\u00f3n P\u00fablica (UAB-UB-UPF). Anteriormente, ha sido profesor asociado en la UPF y ha participado en proyectos de investigaci\u00f3n nacionales y europeos, como SociAL-Reg (IBEI) y rEUsilience (IGOP). Tambi\u00e9n ha trabajado como investigador independiente en colaboraci\u00f3n con el Instituto Catal\u00e1n de Evaluaci\u00f3n de Pol\u00edticas (Iv\u00e0lua) y ha sido investigador visitante en el Quality of Government Institute de Gotemburgo (Suecia). Sus principales \u00e1reas de inter\u00e9s en sociolog\u00eda de la educaci\u00f3n son la pol\u00edtica educativa, las trayectorias educativas y la reproducci\u00f3n de las desigualdades sociales, abordadas mediante un enfoque comparado y cualitativo.<\/p>\n\n<p>Twitter <a href=\"https:\/\/twitter.com\/ivancema7\">@ivancema7<\/a><\/p>\n\n<p>Publications <a href=\"https:\/\/scholar.google.es\/citations?user=tdLeh-EAAAAJ&amp;hl=es&amp;oi=ao\">https:\/\/scholar.google.es\/citations?user=tdLeh-EAAAAJ&amp;hl=es&amp;oi=ao<\/a><\/p>\n\n<p>Research profile <a href=\"https:\/\/portalrecerca.uab.cat\/es\/persons\/ivan-cerrillo-mart%C3%ADn\">https:\/\/portalrecerca.uab.cat\/es\/persons\/ivan-cerrillo-mart%C3%ADn<\/a><\/p>\n","protected":false},"excerpt":{"rendered":"<p>Ivan Cerrillo es un investigador predoctoral en el Departamento de Sociolog\u00eda de la Universidad Aut\u00f3noma de Barcelona (UAB). Posee un Grado en Ciencias Pol\u00edticas y de la Administraci\u00f3n (UPF) y M\u00e1ster en Gesti\u00f3n P\u00fablica (UAB-UB-UPF). Anteriormente, ha sido profesor asociado en la UPF y ha participado en proyectos de investigaci\u00f3n nacionales y europeos, como SociAL-Reg [&hellip;]<\/p>\n","protected":false},"author":1,"featured_media":1049,"comment_status":"closed","ping_status":"closed","sticky":false,"template":"","format":"standard","meta":{"footnotes":""},"categories":[20],"tags":[],"class_list":["post-1167","post","type-post","status-publish","format-standard","has-post-thumbnail","hentry","category-equipo-es"],"_links":{"self":[{"href":"https:\/\/learnerproject.org\/es\/wp-json\/wp\/v2\/posts\/1167","targetHints":{"allow":["GET"]}}],"collection":[{"href":"https:\/\/learnerproject.org\/es\/wp-json\/wp\/v2\/posts"}],"about":[{"href":"https:\/\/learnerproject.org\/es\/wp-json\/wp\/v2\/types\/post"}],"author":[{"embeddable":true,"href":"https:\/\/learnerproject.org\/es\/wp-json\/wp\/v2\/users\/1"}],"replies":[{"embeddable":true,"href":"https:\/\/learnerproject.org\/es\/wp-json\/wp\/v2\/comments?post=1167"}],"version-history":[{"count":1,"href":"https:\/\/learnerproject.org\/es\/wp-json\/wp\/v2\/posts\/1167\/revisions"}],"predecessor-version":[{"id":1168,"href":"https:\/\/learnerproject.org\/es\/wp-json\/wp\/v2\/posts\/1167\/revisions\/1168"}],"wp:featuredmedia":[{"embeddable":true,"href":"https:\/\/learnerproject.org\/es\/wp-json\/wp\/v2\/media\/1049"}],"wp:attachment":[{"href":"https:\/\/learnerproject.org\/es\/wp-json\/wp\/v2\/media?parent=1167"}],"wp:term":[{"taxonomy":"category","embeddable":true,"href":"https:\/\/learnerproject.org\/es\/wp-json\/wp\/v2\/categories?post=1167"},{"taxonomy":"post_tag","embeddable":true,"href":"https:\/\/learnerproject.org\/es\/wp-json\/wp\/v2\/tags?post=1167"}],"curies":[{"name":"wp","href":"https:\/\/api.w.org\/{rel}","templated":true}]}}