{"id":1159,"date":"2024-02-28T16:00:41","date_gmt":"2024-02-28T15:00:41","guid":{"rendered":"https:\/\/learnerproject.org\/mariona-farre\/"},"modified":"2024-04-22T11:39:17","modified_gmt":"2024-04-22T09:39:17","slug":"mariona-farre","status":"publish","type":"post","link":"https:\/\/learnerproject.org\/es\/mariona-farre\/","title":{"rendered":"Mariona Farr\u00e9"},"content":{"rendered":"\n<p>Mariona Farr\u00e9 es doctoranda en el Departamento de Sociolog\u00eda de la Universidad Aut\u00f3noma de Barcelona. Su investigaci\u00f3n doctoral analiza las elecciones educativas y las transiciones hacia la secundaria superior en zonas rurales. Es licenciada en Sociolog\u00eda (2018) y M\u00e1ster en Pol\u00edtica Social, Trabajo y Bienestar (2020), ambos por la misma universidad. Sus principales \u00e1reas de inter\u00e9s son la sociolog\u00eda de la educaci\u00f3n, los estudios de juventud, la sociolog\u00eda espacial y los m\u00e9todos cualitativos. En particular, los principales intereses de investigaci\u00f3n de Mariona son el impacto de las desigualdades sociales y espaciales en las oportunidades educativas, los procesos de construcci\u00f3n de la identidad y la configuraci\u00f3n de las aspiraciones juveniles. <\/p>\n\n<p>Adem\u00e1s, ha participado en el proyecto \u00abEduPost16. La construcci\u00f3n de las oportunidades educativas post-16. Un an\u00e1lisis de las transiciones educativas postobligatorias en entornos urbanos\u00bb con pr\u00e1cticas como estudiante de grado y m\u00e1ster. Actualmente es investigadora en un contrato de consultor\u00eda de investigaci\u00f3n con el Ayuntamiento de Barcelona sobre el abandono escolar temprano y la permanencia en la educaci\u00f3n secundaria superior vocacional. <\/p>\n","protected":false},"excerpt":{"rendered":"<p>Mariona Farr\u00e9 es doctoranda en el Departamento de Sociolog\u00eda de la Universidad Aut\u00f3noma de Barcelona. Su investigaci\u00f3n doctoral analiza las elecciones educativas y las transiciones hacia la secundaria superior en zonas rurales. Es licenciada en Sociolog\u00eda (2018) y M\u00e1ster en Pol\u00edtica Social, Trabajo y Bienestar (2020), ambos por la misma universidad. Sus principales \u00e1reas de [&hellip;]<\/p>\n","protected":false},"author":1,"featured_media":1053,"comment_status":"closed","ping_status":"closed","sticky":false,"template":"","format":"standard","meta":{"footnotes":""},"categories":[20],"tags":[],"class_list":["post-1159","post","type-post","status-publish","format-standard","has-post-thumbnail","hentry","category-equipo-es"],"_links":{"self":[{"href":"https:\/\/learnerproject.org\/es\/wp-json\/wp\/v2\/posts\/1159","targetHints":{"allow":["GET"]}}],"collection":[{"href":"https:\/\/learnerproject.org\/es\/wp-json\/wp\/v2\/posts"}],"about":[{"href":"https:\/\/learnerproject.org\/es\/wp-json\/wp\/v2\/types\/post"}],"author":[{"embeddable":true,"href":"https:\/\/learnerproject.org\/es\/wp-json\/wp\/v2\/users\/1"}],"replies":[{"embeddable":true,"href":"https:\/\/learnerproject.org\/es\/wp-json\/wp\/v2\/comments?post=1159"}],"version-history":[{"count":1,"href":"https:\/\/learnerproject.org\/es\/wp-json\/wp\/v2\/posts\/1159\/revisions"}],"predecessor-version":[{"id":1160,"href":"https:\/\/learnerproject.org\/es\/wp-json\/wp\/v2\/posts\/1159\/revisions\/1160"}],"wp:featuredmedia":[{"embeddable":true,"href":"https:\/\/learnerproject.org\/es\/wp-json\/wp\/v2\/media\/1053"}],"wp:attachment":[{"href":"https:\/\/learnerproject.org\/es\/wp-json\/wp\/v2\/media?parent=1159"}],"wp:term":[{"taxonomy":"category","embeddable":true,"href":"https:\/\/learnerproject.org\/es\/wp-json\/wp\/v2\/categories?post=1159"},{"taxonomy":"post_tag","embeddable":true,"href":"https:\/\/learnerproject.org\/es\/wp-json\/wp\/v2\/tags?post=1159"}],"curies":[{"name":"wp","href":"https:\/\/api.w.org\/{rel}","templated":true}]}}