{"id":1155,"date":"2024-02-28T18:00:04","date_gmt":"2024-02-28T17:00:04","guid":{"rendered":"https:\/\/learnerproject.org\/sara-gil\/"},"modified":"2024-04-22T11:38:20","modified_gmt":"2024-04-22T09:38:20","slug":"sara-gil","status":"publish","type":"post","link":"https:\/\/learnerproject.org\/es\/sara-gil\/","title":{"rendered":"Sara Gil"},"content":{"rendered":"\n<p>Sara Gil es investigadora predoctoral del Departamento de Sociolog\u00eda de la Universidad Aut\u00f3noma de Barcelona, con un proyecto acerca de la construcci\u00f3n de futuros imaginados de los y las j\u00f3venes en itinerarios acad\u00e9micos de la secundaria superior. Sara es graduada en Sociolog\u00eda (2018) y M\u00e1ster en Pol\u00edtica Social, Trabajo y Bienestar (2019), ambos por la misma universidad. Sus \u00e1reas de inter\u00e9s son las identidades de aprendiz, la construcci\u00f3n de roles de g\u00e9nero en educaci\u00f3n, la reproducci\u00f3n de clase a trav\u00e9s de los sistemas educativos, las teor\u00edas de la justicia social o los m\u00e9todos cualitativos, entre otros. Adem\u00e1s, ha llevado a cabo estancias de investigaci\u00f3n en el Centre de Recherche sur les In\u00e9galit\u00e9s Sociales de SciencesPo (Par\u00eds) y en la School of Education del University College Cork. Anteriormente, ha participado en otros proyectos nacionales e internacionales sobre transiciones y trayectorias educativas de la juventud. <\/p>\n\n<p><strong>Links:<\/strong><br\/><strong>Scholar: <\/strong><a href=\"https:\/\/scholar.google.com\/citations?user=-2wq90wAAAAJ&amp;hl=ca\">https:\/\/scholar.google.com\/citations?user=-2wq90wAAAAJ&amp;hl=ca<\/a><br\/><strong>Twitter:<\/strong> @SaraGilMo<br\/><strong>Acad\u00e8mia: <\/strong><a href=\"https:\/\/uab.academia.edu\/SGil\">https:\/\/uab.academia.edu\/SGil<\/a><\/p>\n","protected":false},"excerpt":{"rendered":"<p>Sara Gil es investigadora predoctoral del Departamento de Sociolog\u00eda de la Universidad Aut\u00f3noma de Barcelona, con un proyecto acerca de la construcci\u00f3n de futuros imaginados de los y las j\u00f3venes en itinerarios acad\u00e9micos de la secundaria superior. Sara es graduada en Sociolog\u00eda (2018) y M\u00e1ster en Pol\u00edtica Social, Trabajo y Bienestar (2019), ambos por la [&hellip;]<\/p>\n","protected":false},"author":1,"featured_media":1059,"comment_status":"closed","ping_status":"closed","sticky":false,"template":"","format":"standard","meta":{"footnotes":""},"categories":[20],"tags":[],"class_list":["post-1155","post","type-post","status-publish","format-standard","has-post-thumbnail","hentry","category-equipo-es"],"_links":{"self":[{"href":"https:\/\/learnerproject.org\/es\/wp-json\/wp\/v2\/posts\/1155","targetHints":{"allow":["GET"]}}],"collection":[{"href":"https:\/\/learnerproject.org\/es\/wp-json\/wp\/v2\/posts"}],"about":[{"href":"https:\/\/learnerproject.org\/es\/wp-json\/wp\/v2\/types\/post"}],"author":[{"embeddable":true,"href":"https:\/\/learnerproject.org\/es\/wp-json\/wp\/v2\/users\/1"}],"replies":[{"embeddable":true,"href":"https:\/\/learnerproject.org\/es\/wp-json\/wp\/v2\/comments?post=1155"}],"version-history":[{"count":1,"href":"https:\/\/learnerproject.org\/es\/wp-json\/wp\/v2\/posts\/1155\/revisions"}],"predecessor-version":[{"id":1156,"href":"https:\/\/learnerproject.org\/es\/wp-json\/wp\/v2\/posts\/1155\/revisions\/1156"}],"wp:featuredmedia":[{"embeddable":true,"href":"https:\/\/learnerproject.org\/es\/wp-json\/wp\/v2\/media\/1059"}],"wp:attachment":[{"href":"https:\/\/learnerproject.org\/es\/wp-json\/wp\/v2\/media?parent=1155"}],"wp:term":[{"taxonomy":"category","embeddable":true,"href":"https:\/\/learnerproject.org\/es\/wp-json\/wp\/v2\/categories?post=1155"},{"taxonomy":"post_tag","embeddable":true,"href":"https:\/\/learnerproject.org\/es\/wp-json\/wp\/v2\/tags?post=1155"}],"curies":[{"name":"wp","href":"https:\/\/api.w.org\/{rel}","templated":true}]}}