{"id":1151,"date":"2024-02-28T20:00:15","date_gmt":"2024-02-28T19:00:15","guid":{"rendered":"https:\/\/learnerproject.org\/marti-manzano\/"},"modified":"2024-04-22T11:40:00","modified_gmt":"2024-04-22T09:40:00","slug":"marti-manzano","status":"publish","type":"post","link":"https:\/\/learnerproject.org\/es\/marti-manzano\/","title":{"rendered":"Mart\u00ed Manzano"},"content":{"rendered":"\n<p><strong>Mart\u00ed Manzano<\/strong> es investigador postdoctoral en el Departamento de Sociolog\u00eda de la UAB. Su trabajo en sociolog\u00eda de la educaci\u00f3n se enfoca en explorar las interacciones de clase, migraci\u00f3n y etnicidad como ejes de desigualdad, estudiar las trayectorias educativas y las transiciones, y examinar las conexiones entre las identidades sociales y acad\u00e9micas. Adem\u00e1s, ha llevado a cabo investigaciones y publicado trabajos en \u00e1reas como el marketing escolar, la innovaci\u00f3n educativa y la segregaci\u00f3n. Mart\u00ed tambi\u00e9n ha contribuido en proyectos de investigaci\u00f3n sobre abandono escolar temprano y transiciones educativas, y ha trabajado como consultor con instituciones como el Ayuntamiento de Barcelona y la escuela de nuevas oportunidades El Llindar.<\/p>\n\n<p><strong>Google scholar:<\/strong><br\/><a href=\"https:\/\/scholar.google.com\/citations?user=jDBdZS0AAAAJ&amp;hl=ca&amp;oi=ao\">https:\/\/scholar.google.com\/citations?user=jDBdZS0AAAAJ&amp;hl=ca&amp;oi=ao<\/a><\/p>\n\n<p><strong>Researchgate:<\/strong><br\/><a href=\"https:\/\/www.researchgate.net\/profile\/Marti-Manzano\">https:\/\/www.researchgate.net\/profile\/Marti-Manzano<\/a><\/p>\n\n<p><strong>Link X:<\/strong><br\/><a href=\"https:\/\/twitter.com\/MartiSocio\">https:\/\/twitter.com\/MartiSocio<\/a><\/p>\n","protected":false},"excerpt":{"rendered":"<p>Mart\u00ed Manzano es investigador postdoctoral en el Departamento de Sociolog\u00eda de la UAB. Su trabajo en sociolog\u00eda de la educaci\u00f3n se enfoca en explorar las interacciones de clase, migraci\u00f3n y etnicidad como ejes de desigualdad, estudiar las trayectorias educativas y las transiciones, y examinar las conexiones entre las identidades sociales y acad\u00e9micas. Adem\u00e1s, ha llevado [&hellip;]<\/p>\n","protected":false},"author":1,"featured_media":1055,"comment_status":"closed","ping_status":"closed","sticky":false,"template":"","format":"standard","meta":{"footnotes":""},"categories":[20],"tags":[],"class_list":["post-1151","post","type-post","status-publish","format-standard","has-post-thumbnail","hentry","category-equipo-es"],"_links":{"self":[{"href":"https:\/\/learnerproject.org\/es\/wp-json\/wp\/v2\/posts\/1151","targetHints":{"allow":["GET"]}}],"collection":[{"href":"https:\/\/learnerproject.org\/es\/wp-json\/wp\/v2\/posts"}],"about":[{"href":"https:\/\/learnerproject.org\/es\/wp-json\/wp\/v2\/types\/post"}],"author":[{"embeddable":true,"href":"https:\/\/learnerproject.org\/es\/wp-json\/wp\/v2\/users\/1"}],"replies":[{"embeddable":true,"href":"https:\/\/learnerproject.org\/es\/wp-json\/wp\/v2\/comments?post=1151"}],"version-history":[{"count":3,"href":"https:\/\/learnerproject.org\/es\/wp-json\/wp\/v2\/posts\/1151\/revisions"}],"predecessor-version":[{"id":1164,"href":"https:\/\/learnerproject.org\/es\/wp-json\/wp\/v2\/posts\/1151\/revisions\/1164"}],"wp:featuredmedia":[{"embeddable":true,"href":"https:\/\/learnerproject.org\/es\/wp-json\/wp\/v2\/media\/1055"}],"wp:attachment":[{"href":"https:\/\/learnerproject.org\/es\/wp-json\/wp\/v2\/media?parent=1151"}],"wp:term":[{"taxonomy":"category","embeddable":true,"href":"https:\/\/learnerproject.org\/es\/wp-json\/wp\/v2\/categories?post=1151"},{"taxonomy":"post_tag","embeddable":true,"href":"https:\/\/learnerproject.org\/es\/wp-json\/wp\/v2\/tags?post=1151"}],"curies":[{"name":"wp","href":"https:\/\/api.w.org\/{rel}","templated":true}]}}