{"id":1745,"date":"2026-04-13T12:17:30","date_gmt":"2026-04-13T10:17:30","guid":{"rendered":"https:\/\/learnerproject.org\/entrevista-a-aina-tarabini-ip-del-projecte-learner-sobre-abandonament-escolar-a-el-pais\/"},"modified":"2026-04-13T12:32:49","modified_gmt":"2026-04-13T10:32:49","slug":"entrevista-a-aina-tarabini-ip-del-projecte-learner-sobre-abandonament-escolar-a-el-pais","status":"publish","type":"post","link":"https:\/\/learnerproject.org\/ca\/entrevista-a-aina-tarabini-ip-del-projecte-learner-sobre-abandonament-escolar-a-el-pais\/","title":{"rendered":"Entrevista a Aina Tarabini (IP del Projecte LEARNER) sobre abandonament escolar a El Pa\u00eds"},"content":{"rendered":"\n<p><\/p>\n\n<p><p style=\"font-weight: 400;\">Aina Tarabini, IP del projecte LEARNER i professora i investigadora de la Universitat Aut\u00f2noma de Barcelona (UAB), ha estat entrevistada al diari <strong><em>El Pa\u00eds <\/em><\/strong>sobre l&#8217;abandonament escolar prematur a Espanya. En l&#8217;entrevista, argumenta que les xifres visibles s\u00f3n nom\u00e9s la punta de l&#8217;iceberg de desigualtats molt m\u00e9s profundes, i que el veritable problema comen\u00e7a abans i de manera silenciosa, amb processos acumulats de desconnexi\u00f3 i p\u00e8rdua de sentit escolar que condicionen les traject\u00f2ries educatives des d&#8217;etapes molt primerenques. Una mirada que connecta directament amb les preguntes que guien el projecte LEARNER.<\/p><\/p>\n\n<p><div>&#13;\n<p class=\"font-claude-response-body\"><b><span lang=\"CA\">Podeu llegir l&#8217;entrevista completa<\/span><\/b><span class=\"apple-converted-space\"><b><span lang=\"CA\">\u00a0<\/span><\/b><\/span><b><span lang=\"CA\"><a href=\"https:\/\/elpais.com\/economia\/formacion\/2026-04-10\/aina-tarabini-sociologa-el-abandono-escolar-es-solo-la-parte-visible-de-desigualdades-mucho-mas-profundas.html\">aqu\u00ed<\/a>.<\/span><\/b><\/p>&#13;\n&#13;\n<\/div><\/p>\n\n<p class=\"has-medium-font-size\"><\/p>\n\n<p><\/p>\n","protected":false},"excerpt":{"rendered":"<p>Aina Tarabini, IP del projecte LEARNER i professora i investigadora de la Universitat Aut\u00f2noma de Barcelona (UAB), ha estat entrevistada al diari El Pa\u00eds sobre l&#8217;abandonament escolar prematur a Espanya. En l&#8217;entrevista, argumenta que les xifres visibles s\u00f3n nom\u00e9s la punta de l&#8217;iceberg de desigualtats molt m\u00e9s profundes, i que el veritable problema comen\u00e7a abans [&hellip;]<\/p>\n","protected":false},"author":3,"featured_media":1744,"comment_status":"closed","ping_status":"closed","sticky":false,"template":"","format":"standard","meta":{"footnotes":""},"categories":[25],"tags":[],"class_list":["post-1745","post","type-post","status-publish","format-standard","has-post-thumbnail","hentry","category-noticies"],"_links":{"self":[{"href":"https:\/\/learnerproject.org\/ca\/wp-json\/wp\/v2\/posts\/1745","targetHints":{"allow":["GET"]}}],"collection":[{"href":"https:\/\/learnerproject.org\/ca\/wp-json\/wp\/v2\/posts"}],"about":[{"href":"https:\/\/learnerproject.org\/ca\/wp-json\/wp\/v2\/types\/post"}],"author":[{"embeddable":true,"href":"https:\/\/learnerproject.org\/ca\/wp-json\/wp\/v2\/users\/3"}],"replies":[{"embeddable":true,"href":"https:\/\/learnerproject.org\/ca\/wp-json\/wp\/v2\/comments?post=1745"}],"version-history":[{"count":3,"href":"https:\/\/learnerproject.org\/ca\/wp-json\/wp\/v2\/posts\/1745\/revisions"}],"predecessor-version":[{"id":1749,"href":"https:\/\/learnerproject.org\/ca\/wp-json\/wp\/v2\/posts\/1745\/revisions\/1749"}],"wp:featuredmedia":[{"embeddable":true,"href":"https:\/\/learnerproject.org\/ca\/wp-json\/wp\/v2\/media\/1744"}],"wp:attachment":[{"href":"https:\/\/learnerproject.org\/ca\/wp-json\/wp\/v2\/media?parent=1745"}],"wp:term":[{"taxonomy":"category","embeddable":true,"href":"https:\/\/learnerproject.org\/ca\/wp-json\/wp\/v2\/categories?post=1745"},{"taxonomy":"post_tag","embeddable":true,"href":"https:\/\/learnerproject.org\/ca\/wp-json\/wp\/v2\/tags?post=1745"}],"curies":[{"name":"wp","href":"https:\/\/api.w.org\/{rel}","templated":true}]}}