{"id":1637,"date":"2025-07-29T18:06:42","date_gmt":"2025-07-29T16:06:42","guid":{"rendered":"https:\/\/learnerproject.org\/avanca-el-treball-de-camp-del-projecte-learner-2024-2025\/"},"modified":"2025-07-29T18:33:37","modified_gmt":"2025-07-29T16:33:37","slug":"avanca-el-treball-de-camp-del-projecte-learner-2024-2025","status":"publish","type":"post","link":"https:\/\/learnerproject.org\/ca\/avanca-el-treball-de-camp-del-projecte-learner-2024-2025\/","title":{"rendered":"Avan\u00e7a el treball de camp del Projecte Learner 2024\u20132025"},"content":{"rendered":"\n<p class=\"has-text-align-left has-medium-font-size\">Durant el curs acad\u00e8mic 2024\u20132025, s\u2019ha dut a terme una fase intensiva de treball de camp del projecte LEARNER, fonamental per recollir informaci\u00f3 en profunditat sobre les experi\u00e8ncies, els significats i les traject\u00f2ries d\u2019aprenentatge de l\u2019alumnat de segon curs d\u2019Educaci\u00f3 Secund\u00e0ria Obligat\u00f2ria a les comunitats aut\u00f2nomes de Catalunya, Madrid i Extremadura.<\/p>\n\n\n\n<p class=\"has-medium-font-size\">Aquest proc\u00e9s ha perm\u00e8s generar informaci\u00f3 clau sobre diversos models i pol\u00edtiques curriculars, aix\u00ed com sobre les diferents l\u00f2giques escolars i pr\u00e0ctiques pedag\u00f2giques dels centres educatius. Tamb\u00e9 ha aportat coneixement sobre les creences i identitats docents, les experi\u00e8ncies d\u2019aprenentatge de l\u2019alumnat i les caracter\u00edstiques i viv\u00e8ncies de les seves fam\u00edlies.<br><\/p>\n\n\n\n<p class=\"has-medium-font-size\">En conjunt, s\u2019han realitzat:<br data-start=\"905\" data-end=\"908\">\u2022 8 entrevistes a responsables pol\u00edtics<br data-start=\"947\" data-end=\"950\">\u2022 41 entrevistes a equips directius de centres educatius<br data-start=\"1006\" data-end=\"1009\">\u2022 62 entrevistes a tutors i professorat<br data-start=\"1048\" data-end=\"1051\">\u2022 11 grups de discussi\u00f3 amb docents<br data-start=\"1086\" data-end=\"1089\">\u2022 79 entrevistes a l\u2019alumnat<br data-start=\"1117\" data-end=\"1120\">\u2022 42 entrevistes a fam\u00edlies<br data-start=\"1147\" data-end=\"1150\">\u2022 130 observacions d\u2019aula<br data-start=\"1175\" data-end=\"1178\">\u2022 865 enquestes aplicades<\/p>\n\n\n\n<p class=\"has-medium-font-size\">El curs 2025\u20132026 es destinar\u00e0 priorit\u00e0riament a l\u2019an\u00e0lisi detallada dels resultats obtinguts, aix\u00ed com a la seva difusi\u00f3 a trav\u00e9s de diversos canals i al retorn d\u2019aquests als centres educatius participants i al conjunt de la comunitat educativa.<\/p>\n\n\n\n<p class=\"has-medium-font-size\">Anirem informant dels aven\u00e7os a trav\u00e9s de la nostra web.<\/p>\n\n\n\n<p class=\"has-text-align-center has-medium-font-size\">Bon estiu!<\/p>\n\n\n\n<p><\/p>\n","protected":false},"excerpt":{"rendered":"<p>Durant el curs acad\u00e8mic 2024\u20132025, s\u2019ha dut a terme una fase intensiva de treball de camp del projecte LEARNER, fonamental per recollir informaci\u00f3 en profunditat sobre les experi\u00e8ncies, els significats i les traject\u00f2ries d\u2019aprenentatge de l\u2019alumnat de segon curs d\u2019Educaci\u00f3 Secund\u00e0ria Obligat\u00f2ria a les comunitats aut\u00f2nomes de Catalunya, Madrid i Extremadura. Aquest proc\u00e9s ha perm\u00e8s [&hellip;]<\/p>\n","protected":false},"author":3,"featured_media":1642,"comment_status":"closed","ping_status":"closed","sticky":false,"template":"","format":"standard","meta":{"footnotes":""},"categories":[25],"tags":[],"class_list":["post-1637","post","type-post","status-publish","format-standard","has-post-thumbnail","hentry","category-noticies"],"_links":{"self":[{"href":"https:\/\/learnerproject.org\/ca\/wp-json\/wp\/v2\/posts\/1637","targetHints":{"allow":["GET"]}}],"collection":[{"href":"https:\/\/learnerproject.org\/ca\/wp-json\/wp\/v2\/posts"}],"about":[{"href":"https:\/\/learnerproject.org\/ca\/wp-json\/wp\/v2\/types\/post"}],"author":[{"embeddable":true,"href":"https:\/\/learnerproject.org\/ca\/wp-json\/wp\/v2\/users\/3"}],"replies":[{"embeddable":true,"href":"https:\/\/learnerproject.org\/ca\/wp-json\/wp\/v2\/comments?post=1637"}],"version-history":[{"count":2,"href":"https:\/\/learnerproject.org\/ca\/wp-json\/wp\/v2\/posts\/1637\/revisions"}],"predecessor-version":[{"id":1650,"href":"https:\/\/learnerproject.org\/ca\/wp-json\/wp\/v2\/posts\/1637\/revisions\/1650"}],"wp:featuredmedia":[{"embeddable":true,"href":"https:\/\/learnerproject.org\/ca\/wp-json\/wp\/v2\/media\/1642"}],"wp:attachment":[{"href":"https:\/\/learnerproject.org\/ca\/wp-json\/wp\/v2\/media?parent=1637"}],"wp:term":[{"taxonomy":"category","embeddable":true,"href":"https:\/\/learnerproject.org\/ca\/wp-json\/wp\/v2\/categories?post=1637"},{"taxonomy":"post_tag","embeddable":true,"href":"https:\/\/learnerproject.org\/ca\/wp-json\/wp\/v2\/tags?post=1637"}],"curies":[{"name":"wp","href":"https:\/\/api.w.org\/{rel}","templated":true}]}}