{"id":1615,"date":"2024-02-28T22:30:41","date_gmt":"2024-02-28T21:30:41","guid":{"rendered":"https:\/\/learnerproject.org\/pablo-neut-aguayo\/"},"modified":"2025-03-04T11:28:00","modified_gmt":"2025-03-04T10:28:00","slug":"pablo-neut-aguayo","status":"publish","type":"post","link":"https:\/\/learnerproject.org\/ca\/pablo-neut-aguayo\/","title":{"rendered":"Pablo\u00a0Neut\u00a0Aguayo"},"content":{"rendered":"\n<p>Pablo Neut Aguayo \u00e9s investigador postdoctoral beneficiari del programa Juan de la Cierva (ref. JDC2022-048870-I) al Departament de Sociologia de la Universitat Aut\u00f2noma de Barcelona. Doctor en Educaci\u00f3 i Societat per la Universitat de Barcelona. M\u00e0ster en Educaci\u00f3 per la Universitat de Xile i professor d&#8217;Hist\u00f2ria, llicenciat en Educaci\u00f3 i llicenciat en Hist\u00f2ria per la Pontif\u00edcia Universitat Cat\u00f2lica de Xile.&#13;\n&#13;\n\u00c9s investigador del Nucli Interuniversitari Multidisciplinari: Individu, Vincle Social i Asimetries de Poder (Universitat de Santiago de Xile &#8211; Universitat Diego Portales) i codirector d&#8217;Editorial Sole. Les seves l\u00ednies de recerca estan relacionades amb la traducci\u00f3 de les desigualtats educatives en l&#8217;experi\u00e8ncia escolar, les relacions d&#8217;autoritat pedag\u00f2gica i la seva relaci\u00f3 amb la viol\u00e8ncia a les escoles, aix\u00ed com el desenvolupament de perspectives cr\u00edtiques per a la transformaci\u00f3 educativa. Ha participat en m\u00faltiples projectes de recerca competitius tant a Xile com a Espanya.<\/p>\n\n<p>Google scholar:\u00a0<a href=\"https:\/\/scholar.google.com\/citations?hl=ca&amp;user=eJHz-YIAAAAJ\" target=\"_blank\" rel=\"noreferrer noopener\">https:\/\/scholar.google.com\/citations?hl=ca&amp;user=eJHz-YIAAAAJ<\/a><\/p>\n\n<p>Researchgate:\u00a0<a href=\"https:\/\/www.researchgate.net\/profile\/Pablo-Neut\">https:\/\/www.researchgate.net\/profile\/Pablo-Neut<\/a><\/p>\n\n<p><\/p>\n","protected":false},"excerpt":{"rendered":"<p>Pablo Neut Aguayo \u00e9s investigador postdoctoral beneficiari del programa Juan de la Cierva (ref. JDC2022-048870-I) al Departament de Sociologia de la Universitat Aut\u00f2noma de Barcelona. Doctor en Educaci\u00f3 i Societat per la Universitat de Barcelona. M\u00e0ster en Educaci\u00f3 per la Universitat de Xile i professor d&#8217;Hist\u00f2ria, llicenciat en Educaci\u00f3 i llicenciat en Hist\u00f2ria per la [&hellip;]<\/p>\n","protected":false},"author":3,"featured_media":1612,"comment_status":"closed","ping_status":"closed","sticky":false,"template":"","format":"standard","meta":{"footnotes":""},"categories":[26],"tags":[],"class_list":["post-1615","post","type-post","status-publish","format-standard","has-post-thumbnail","hentry","category-equip"],"_links":{"self":[{"href":"https:\/\/learnerproject.org\/ca\/wp-json\/wp\/v2\/posts\/1615","targetHints":{"allow":["GET"]}}],"collection":[{"href":"https:\/\/learnerproject.org\/ca\/wp-json\/wp\/v2\/posts"}],"about":[{"href":"https:\/\/learnerproject.org\/ca\/wp-json\/wp\/v2\/types\/post"}],"author":[{"embeddable":true,"href":"https:\/\/learnerproject.org\/ca\/wp-json\/wp\/v2\/users\/3"}],"replies":[{"embeddable":true,"href":"https:\/\/learnerproject.org\/ca\/wp-json\/wp\/v2\/comments?post=1615"}],"version-history":[{"count":1,"href":"https:\/\/learnerproject.org\/ca\/wp-json\/wp\/v2\/posts\/1615\/revisions"}],"predecessor-version":[{"id":1616,"href":"https:\/\/learnerproject.org\/ca\/wp-json\/wp\/v2\/posts\/1615\/revisions\/1616"}],"wp:featuredmedia":[{"embeddable":true,"href":"https:\/\/learnerproject.org\/ca\/wp-json\/wp\/v2\/media\/1612"}],"wp:attachment":[{"href":"https:\/\/learnerproject.org\/ca\/wp-json\/wp\/v2\/media?parent=1615"}],"wp:term":[{"taxonomy":"category","embeddable":true,"href":"https:\/\/learnerproject.org\/ca\/wp-json\/wp\/v2\/categories?post=1615"},{"taxonomy":"post_tag","embeddable":true,"href":"https:\/\/learnerproject.org\/ca\/wp-json\/wp\/v2\/tags?post=1615"}],"curies":[{"name":"wp","href":"https:\/\/api.w.org\/{rel}","templated":true}]}}