{"id":1536,"date":"2024-12-04T11:38:38","date_gmt":"2024-12-04T10:38:38","guid":{"rendered":"https:\/\/learnerproject.org\/?p=1536"},"modified":"2024-12-04T11:38:40","modified_gmt":"2024-12-04T10:38:40","slug":"segon-seminari-de-recerca-del-projecte-learner","status":"publish","type":"post","link":"https:\/\/learnerproject.org\/ca\/segon-seminari-de-recerca-del-projecte-learner\/","title":{"rendered":"Segon Seminari de Recerca del Projecte LEARNER"},"content":{"rendered":"\n<p class=\"has-medium-font-size\"><strong>El Segon Seminari de Recerca del Projecte LEARNER es va realitzar durant els dies 28 i 29 de novembre de 2024.<\/strong><\/p>\n\n\n\n<p><strong>\u201cIdentitat d\u2019aprenent i traject\u00f2ries formatives en l\u2019educaci\u00f3 secund\u00e0ria: pol\u00edtiques curriculars, pr\u00e0ctiques pedag\u00f2giques i contextos socials de l\u2019alumnat\u201d,<\/strong> va ser el t\u00edtol del seminari que es va centrar a fomentar una reflexi\u00f3 te\u00f2rica i un intercanvi d\u2019idees al voltant dels conceptes centrals del projecte. Un altre objectiu destacat va ser compartir els avan\u00e7os, les experi\u00e8ncies i els criteris metodol\u00f2gics vinculats al treball de camp en les tres localitats implicades: Extremadura, Madrid i Catalunya. Finalment, es va dur a terme una revisi\u00f3 col\u00b7lectiva del q\u00fcestionari dissenyat per recollir informaci\u00f3 quantitativa.<\/p>\n\n\n\n<p>Aquesta trobada es va celebrar al llarg de dues jornades a la Facultat de Psicologia de la Universitat Aut\u00f2noma de Madrid.<\/p>\n\n\n\n<figure class=\"wp-block-image aligncenter size-large is-resized\"><img fetchpriority=\"high\" decoding=\"async\" width=\"1024\" height=\"768\" src=\"https:\/\/learnerproject.org\/wp-content\/uploads\/2024\/12\/20241128_102311-1-1024x768.jpg\" alt=\"\" class=\"wp-image-1537\" style=\"width:744px;height:auto\" srcset=\"https:\/\/learnerproject.org\/wp-content\/uploads\/2024\/12\/20241128_102311-1-1024x768.jpg 1024w, https:\/\/learnerproject.org\/wp-content\/uploads\/2024\/12\/20241128_102311-1-300x225.jpg 300w, https:\/\/learnerproject.org\/wp-content\/uploads\/2024\/12\/20241128_102311-1-768x576.jpg 768w, https:\/\/learnerproject.org\/wp-content\/uploads\/2024\/12\/20241128_102311-1-1536x1152.jpg 1536w, https:\/\/learnerproject.org\/wp-content\/uploads\/2024\/12\/20241128_102311-1-2048x1536.jpg 2048w\" sizes=\"(max-width: 1024px) 100vw, 1024px\" \/><\/figure>\n","protected":false},"excerpt":{"rendered":"<p>El Segon Seminari de Recerca del Projecte LEARNER es va realitzar durant els dies 28 i 29 de novembre de 2024. \u201cIdentitat d\u2019aprenent i traject\u00f2ries formatives en l\u2019educaci\u00f3 secund\u00e0ria: pol\u00edtiques curriculars, pr\u00e0ctiques pedag\u00f2giques i contextos socials de l\u2019alumnat\u201d, va ser el t\u00edtol del seminari que es va centrar a fomentar una reflexi\u00f3 te\u00f2rica i un [&hellip;]<\/p>\n","protected":false},"author":3,"featured_media":1514,"comment_status":"closed","ping_status":"closed","sticky":false,"template":"","format":"standard","meta":{"footnotes":""},"categories":[25],"tags":[],"class_list":["post-1536","post","type-post","status-publish","format-standard","has-post-thumbnail","hentry","category-noticies"],"_links":{"self":[{"href":"https:\/\/learnerproject.org\/ca\/wp-json\/wp\/v2\/posts\/1536","targetHints":{"allow":["GET"]}}],"collection":[{"href":"https:\/\/learnerproject.org\/ca\/wp-json\/wp\/v2\/posts"}],"about":[{"href":"https:\/\/learnerproject.org\/ca\/wp-json\/wp\/v2\/types\/post"}],"author":[{"embeddable":true,"href":"https:\/\/learnerproject.org\/ca\/wp-json\/wp\/v2\/users\/3"}],"replies":[{"embeddable":true,"href":"https:\/\/learnerproject.org\/ca\/wp-json\/wp\/v2\/comments?post=1536"}],"version-history":[{"count":2,"href":"https:\/\/learnerproject.org\/ca\/wp-json\/wp\/v2\/posts\/1536\/revisions"}],"predecessor-version":[{"id":1541,"href":"https:\/\/learnerproject.org\/ca\/wp-json\/wp\/v2\/posts\/1536\/revisions\/1541"}],"wp:featuredmedia":[{"embeddable":true,"href":"https:\/\/learnerproject.org\/ca\/wp-json\/wp\/v2\/media\/1514"}],"wp:attachment":[{"href":"https:\/\/learnerproject.org\/ca\/wp-json\/wp\/v2\/media?parent=1536"}],"wp:term":[{"taxonomy":"category","embeddable":true,"href":"https:\/\/learnerproject.org\/ca\/wp-json\/wp\/v2\/categories?post=1536"},{"taxonomy":"post_tag","embeddable":true,"href":"https:\/\/learnerproject.org\/ca\/wp-json\/wp\/v2\/tags?post=1536"}],"curies":[{"name":"wp","href":"https:\/\/api.w.org\/{rel}","templated":true}]}}