{"id":1446,"date":"2024-02-28T13:30:00","date_gmt":"2024-02-28T12:30:00","guid":{"rendered":"https:\/\/learnerproject.org\/?p=1446"},"modified":"2024-09-30T16:26:06","modified_gmt":"2024-09-30T14:26:06","slug":"enrique-callejas","status":"publish","type":"post","link":"https:\/\/learnerproject.org\/ca\/enrique-callejas\/","title":{"rendered":"Enrique Callejas"},"content":{"rendered":"\n<p><strong>Enrique Callejas Castro<\/strong> \u00e9s Professor Ajudant Doctor de l&#8217;\u00e0rea de Psicologia Evolutiva i de l&#8217;Educaci\u00f3 a la Universitat d&#8217;Extremadura. La seva formaci\u00f3 acad\u00e8mica inclou el Grau en Psicologia (UAM, 2014), el M\u00e0ster Universitari en Psicologia de l&#8217;Educaci\u00f3 (UAM, 2016), el M\u00e0ster en Ci\u00e8ncia de Dades (UOC, 2024) i el Doctorat en Psicologia (ULL, 2021), pel qual va rebre el Premi Extraordinari de Doctorat el 2022. Al llarg de la seva traject\u00f2ria investigadora, ha publicat articles en revistes indexades al Journal Citation Reports i ha escrit cap\u00edtols de llibre adre\u00e7ats a professionals de l&#8217;\u00e0mbit de la intervenci\u00f3 familiar. Ha participat en nombrosos projectes obtinguts en r\u00e8gim de competitivitat a nivell auton\u00f2mic, nacional i internacional. A m\u00e9s, \u00e9s revisor de revistes cient\u00edfiques nacionals i internacionals de l&#8217;\u00e0mbit sanitari i educatiu (p.ex., <em>Early Child Development and Care, Children and Youth Services Review, Qualitative Health Research, International Journal of Qualitative Methods<\/em>). Tamb\u00e9 col\u00b7labora com a assessor metodol\u00f2gic i analista de dades amb diferents grups de recerca. La seva \u00e0rea d&#8217;especialitzaci\u00f3 \u00e9s el disseny i l&#8217;avaluaci\u00f3 de programes basats en evid\u00e8ncia.<\/p>\n\n\n\n<p>Links:<br><a href=\"https:\/\/scholar.google.es\/citations?user=c6XVF2QAAAAJ&amp;hl=es\">https:\/\/scholar.google.es\/citations?user=c6XVF2QAAAAJ&amp;hl=es<\/a><br><a href=\"https:\/\/www.researchgate.net\/profile\/Enrique-Callejas\">https:\/\/www.researchgate.net\/profile\/Enrique-Callejas<\/a><\/p>\n","protected":false},"excerpt":{"rendered":"<p>Enrique Callejas Castro \u00e9s Professor Ajudant Doctor de l&#8217;\u00e0rea de Psicologia Evolutiva i de l&#8217;Educaci\u00f3 a la Universitat d&#8217;Extremadura. La seva formaci\u00f3 acad\u00e8mica inclou el Grau en Psicologia (UAM, 2014), el M\u00e0ster Universitari en Psicologia de l&#8217;Educaci\u00f3 (UAM, 2016), el M\u00e0ster en Ci\u00e8ncia de Dades (UOC, 2024) i el Doctorat en Psicologia (ULL, 2021), pel [&hellip;]<\/p>\n","protected":false},"author":3,"featured_media":1452,"comment_status":"closed","ping_status":"closed","sticky":false,"template":"","format":"standard","meta":{"footnotes":""},"categories":[26],"tags":[],"class_list":["post-1446","post","type-post","status-publish","format-standard","has-post-thumbnail","hentry","category-equip"],"_links":{"self":[{"href":"https:\/\/learnerproject.org\/ca\/wp-json\/wp\/v2\/posts\/1446","targetHints":{"allow":["GET"]}}],"collection":[{"href":"https:\/\/learnerproject.org\/ca\/wp-json\/wp\/v2\/posts"}],"about":[{"href":"https:\/\/learnerproject.org\/ca\/wp-json\/wp\/v2\/types\/post"}],"author":[{"embeddable":true,"href":"https:\/\/learnerproject.org\/ca\/wp-json\/wp\/v2\/users\/3"}],"replies":[{"embeddable":true,"href":"https:\/\/learnerproject.org\/ca\/wp-json\/wp\/v2\/comments?post=1446"}],"version-history":[{"count":2,"href":"https:\/\/learnerproject.org\/ca\/wp-json\/wp\/v2\/posts\/1446\/revisions"}],"predecessor-version":[{"id":1455,"href":"https:\/\/learnerproject.org\/ca\/wp-json\/wp\/v2\/posts\/1446\/revisions\/1455"}],"wp:featuredmedia":[{"embeddable":true,"href":"https:\/\/learnerproject.org\/ca\/wp-json\/wp\/v2\/media\/1452"}],"wp:attachment":[{"href":"https:\/\/learnerproject.org\/ca\/wp-json\/wp\/v2\/media?parent=1446"}],"wp:term":[{"taxonomy":"category","embeddable":true,"href":"https:\/\/learnerproject.org\/ca\/wp-json\/wp\/v2\/categories?post=1446"},{"taxonomy":"post_tag","embeddable":true,"href":"https:\/\/learnerproject.org\/ca\/wp-json\/wp\/v2\/tags?post=1446"}],"curies":[{"name":"wp","href":"https:\/\/api.w.org\/{rel}","templated":true}]}}