{"id":1324,"date":"2024-02-28T18:00:04","date_gmt":"2024-02-28T17:00:04","guid":{"rendered":"https:\/\/learnerproject.org\/sara-gil\/"},"modified":"2024-04-29T11:38:11","modified_gmt":"2024-04-29T09:38:11","slug":"sara-gil","status":"publish","type":"post","link":"https:\/\/learnerproject.org\/ca\/sara-gil\/","title":{"rendered":"Sara Gil"},"content":{"rendered":"\n<p>La Sara Gil \u00e9s investigadora predoctoral del Departament de Sociologia de la Universitat Aut\u00f2noma de Barcelona, amb un projecte sobre la construcci\u00f3 de futurs imaginats dels i les joves de batxillerat. La Sara \u00e9s graduada en Sociologia (2018) i M\u00e0ster en Pol\u00edtica Social, Treball i Benestar (2019), ambd\u00f3s per la mateixa universitat. Les seves \u00e0rees d\u2019inter\u00e8s son les identitats d\u2019aprenent, la construcci\u00f3 de rols de g\u00e8nere en educaci\u00f3, la reproducci\u00f3 de classe a trav\u00e9s dels sistemes educatius, les teories de la just\u00edcia social o els m\u00e8todes qualitatius, entre altres. A m\u00e9s, a dur a terme estades de recerca al Centre de Recherche sur les In\u00e9galit\u00e9s Sociales de SciencesPo (Par\u00eds) i a la School of Education del University College Cork. Anteriorment ha participat d\u2019altres projectes nacionals i internacionals sobre transicions i traject\u00f2ries educatives de la joventut. <\/p>\n\n<p><strong>Links:<\/strong><br\/><strong>Scholar: <\/strong><a href=\"https:\/\/scholar.google.com\/citations?user=-2wq90wAAAAJ&amp;hl=ca\">https:\/\/scholar.google.com\/citations?user=-2wq90wAAAAJ&amp;hl=ca<\/a><br\/><strong>Twitter:<\/strong> @SaraGilMo<br\/><strong>Acad\u00e8mia: <\/strong><a href=\"https:\/\/uab.academia.edu\/SGil\">https:\/\/uab.academia.edu\/SGil<\/a><\/p>\n","protected":false},"excerpt":{"rendered":"<p>La Sara Gil \u00e9s investigadora predoctoral del Departament de Sociologia de la Universitat Aut\u00f2noma de Barcelona, amb un projecte sobre la construcci\u00f3 de futurs imaginats dels i les joves de batxillerat. La Sara \u00e9s graduada en Sociologia (2018) i M\u00e0ster en Pol\u00edtica Social, Treball i Benestar (2019), ambd\u00f3s per la mateixa universitat. Les seves \u00e0rees [&hellip;]<\/p>\n","protected":false},"author":1,"featured_media":1325,"comment_status":"closed","ping_status":"closed","sticky":false,"template":"","format":"standard","meta":{"footnotes":""},"categories":[26],"tags":[],"class_list":["post-1324","post","type-post","status-publish","format-standard","has-post-thumbnail","hentry","category-equip"],"_links":{"self":[{"href":"https:\/\/learnerproject.org\/ca\/wp-json\/wp\/v2\/posts\/1324","targetHints":{"allow":["GET"]}}],"collection":[{"href":"https:\/\/learnerproject.org\/ca\/wp-json\/wp\/v2\/posts"}],"about":[{"href":"https:\/\/learnerproject.org\/ca\/wp-json\/wp\/v2\/types\/post"}],"author":[{"embeddable":true,"href":"https:\/\/learnerproject.org\/ca\/wp-json\/wp\/v2\/users\/1"}],"replies":[{"embeddable":true,"href":"https:\/\/learnerproject.org\/ca\/wp-json\/wp\/v2\/comments?post=1324"}],"version-history":[{"count":1,"href":"https:\/\/learnerproject.org\/ca\/wp-json\/wp\/v2\/posts\/1324\/revisions"}],"predecessor-version":[{"id":1326,"href":"https:\/\/learnerproject.org\/ca\/wp-json\/wp\/v2\/posts\/1324\/revisions\/1326"}],"wp:featuredmedia":[{"embeddable":true,"href":"https:\/\/learnerproject.org\/ca\/wp-json\/wp\/v2\/media\/1325"}],"wp:attachment":[{"href":"https:\/\/learnerproject.org\/ca\/wp-json\/wp\/v2\/media?parent=1324"}],"wp:term":[{"taxonomy":"category","embeddable":true,"href":"https:\/\/learnerproject.org\/ca\/wp-json\/wp\/v2\/categories?post=1324"},{"taxonomy":"post_tag","embeddable":true,"href":"https:\/\/learnerproject.org\/ca\/wp-json\/wp\/v2\/tags?post=1324"}],"curies":[{"name":"wp","href":"https:\/\/api.w.org\/{rel}","templated":true}]}}