{"id":1321,"date":"2024-02-28T17:15:56","date_gmt":"2024-02-28T16:15:56","guid":{"rendered":"https:\/\/learnerproject.org\/relmu-gedda\/"},"modified":"2024-04-29T11:37:51","modified_gmt":"2024-04-29T09:37:51","slug":"relmu-gedda","status":"publish","type":"post","link":"https:\/\/learnerproject.org\/ca\/relmu-gedda\/","title":{"rendered":"Relmu Gedda"},"content":{"rendered":"\n<p>EL Relmu Gedda \u00e9s llicenciat en Sociologia i M\u00e0ster en Educaci\u00f3 i Avaluaci\u00f3 Educacional per la Universitat de La Frontera, Xile. Actualment \u00e9s candidat a doctor al Departament de Sociologia de la Universitat Aut\u00f2noma de Barcelona, adscrit al grup d\u2019investigaci\u00f3 Globalitzaci\u00f3, Educaci\u00f3 i Pol\u00edtiques Socials (GEPS).<\/p>\n\n<p>Compta amb \u00e0mplia experi\u00e8ncia en assegurament de la qualitat educativa, desenvolupament curricular i innovaci\u00f3 a Xile, adquirida a trav\u00e9s de diversos c\u00e0rrecs ocupats entre 2012 i 2024. Ha centrat el seu treball en tractar les desigualtats educatives i el seu impacte en les traject\u00f2ries educatives d\u2019estudiants no tradicionals. El seu projecte d\u2019investigaci\u00f3 doctoral t\u00e9 com a objectiu comprendre com les experi\u00e8ncies i traject\u00f2ries d\u2019aquests estudiants, sovint considerats en desavantatge en el camp educatiu, es desenvolupen i configuren, permetent-los persistir fins arribar a les etapes finals de les seves traject\u00f2ries. <\/p>\n\n<p>Researchgate: <a href=\"https:\/\/www.researchgate.net\/profile\/Relmu-Gedda-Munoz-2\">https:\/\/www.researchgate.net\/profile\/Relmu-Gedda-Munoz-2<\/a><\/p>\n\n<p>Scholar.google: <a href=\"https:\/\/scholar.google.cl\/citations?user=mOV4_qoAAAAJ&amp;hl\">https:\/\/scholar.google.cl\/citations?user=mOV4_qoAAAAJ&amp;hl<\/a><\/p>\n\n<p>Orcid: <a href=\"https:\/\/orcid.org\/0000-0002-9747-3220\">https:\/\/orcid.org\/0000-0002-9747-3220<\/a><\/p>\n","protected":false},"excerpt":{"rendered":"<p>EL Relmu Gedda \u00e9s llicenciat en Sociologia i M\u00e0ster en Educaci\u00f3 i Avaluaci\u00f3 Educacional per la Universitat de La Frontera, Xile. Actualment \u00e9s candidat a doctor al Departament de Sociologia de la Universitat Aut\u00f2noma de Barcelona, adscrit al grup d\u2019investigaci\u00f3 Globalitzaci\u00f3, Educaci\u00f3 i Pol\u00edtiques Socials (GEPS). Compta amb \u00e0mplia experi\u00e8ncia en assegurament de la qualitat [&hellip;]<\/p>\n","protected":false},"author":1,"featured_media":1322,"comment_status":"closed","ping_status":"closed","sticky":false,"template":"","format":"standard","meta":{"footnotes":""},"categories":[26],"tags":[],"class_list":["post-1321","post","type-post","status-publish","format-standard","has-post-thumbnail","hentry","category-equip"],"_links":{"self":[{"href":"https:\/\/learnerproject.org\/ca\/wp-json\/wp\/v2\/posts\/1321","targetHints":{"allow":["GET"]}}],"collection":[{"href":"https:\/\/learnerproject.org\/ca\/wp-json\/wp\/v2\/posts"}],"about":[{"href":"https:\/\/learnerproject.org\/ca\/wp-json\/wp\/v2\/types\/post"}],"author":[{"embeddable":true,"href":"https:\/\/learnerproject.org\/ca\/wp-json\/wp\/v2\/users\/1"}],"replies":[{"embeddable":true,"href":"https:\/\/learnerproject.org\/ca\/wp-json\/wp\/v2\/comments?post=1321"}],"version-history":[{"count":1,"href":"https:\/\/learnerproject.org\/ca\/wp-json\/wp\/v2\/posts\/1321\/revisions"}],"predecessor-version":[{"id":1323,"href":"https:\/\/learnerproject.org\/ca\/wp-json\/wp\/v2\/posts\/1321\/revisions\/1323"}],"wp:featuredmedia":[{"embeddable":true,"href":"https:\/\/learnerproject.org\/ca\/wp-json\/wp\/v2\/media\/1322"}],"wp:attachment":[{"href":"https:\/\/learnerproject.org\/ca\/wp-json\/wp\/v2\/media?parent=1321"}],"wp:term":[{"taxonomy":"category","embeddable":true,"href":"https:\/\/learnerproject.org\/ca\/wp-json\/wp\/v2\/categories?post=1321"},{"taxonomy":"post_tag","embeddable":true,"href":"https:\/\/learnerproject.org\/ca\/wp-json\/wp\/v2\/tags?post=1321"}],"curies":[{"name":"wp","href":"https:\/\/api.w.org\/{rel}","templated":true}]}}