{"id":1312,"date":"2024-02-28T11:00:20","date_gmt":"2024-02-28T10:00:20","guid":{"rendered":"https:\/\/learnerproject.org\/paula-arboix\/"},"modified":"2024-04-29T11:36:16","modified_gmt":"2024-04-29T09:36:16","slug":"paula-arboix","status":"publish","type":"post","link":"https:\/\/learnerproject.org\/ca\/paula-arboix\/","title":{"rendered":"Paula Arboix"},"content":{"rendered":"\n<p>La Paula Arboix \u00e9s una investigadora de doctorat al Departament de Sociologia de la Universitat Aut\u00f2noma de Barcelona (UAB), el projecte de la qual se centra en la construcci\u00f3 del gust per aprendre a l\u2019escola dels joves estudiants durant l\u2019educaci\u00f3 obligat\u00f2ria. L\u2019estudi te com a objectiu comprendre les seves experi\u00e8ncies educatives i les din\u00e0miques relacionades amb la relaci\u00f3 aprenentatge-aprenent.<\/p>\n\n<p>Posseeix un grau en Sociologia (2020) de la Universitat Aut\u00f2noma de Barcelona i un m\u00e0ster en Investigaci\u00f3 en Educaci\u00f3 (2022) de la Universitat Complutense de Madrid (UCM). Les seves principals \u00e0rees d\u2019inter\u00e8s son la sociologia de l\u2019educaci\u00f3, concretament la configuraci\u00f3 de traject\u00f2ries educatives, les experi\u00e8ncies educatives familiars, les identitats escolars juvenils i els mecanismes de desigualtats socials i reproducci\u00f3 de classes.<\/p>\n\n<p>Ha col\u00b7laborat del projecte &#8220;EduPost16. La construcci\u00f3 d\u2019oportunitats educatives post-16. Un an\u00e0lisis de las transicions educatives post-obligat\u00f2ries en entorns urbans&#8221;, aix\u00ed com en algunes investigacions sobre abandonament escolar i la integraci\u00f3 i participaci\u00f3 estudiantil a la universitat.<\/p>\n","protected":false},"excerpt":{"rendered":"<p>La Paula Arboix \u00e9s una investigadora de doctorat al Departament de Sociologia de la Universitat Aut\u00f2noma de Barcelona (UAB), el projecte de la qual se centra en la construcci\u00f3 del gust per aprendre a l\u2019escola dels joves estudiants durant l\u2019educaci\u00f3 obligat\u00f2ria. L\u2019estudi te com a objectiu comprendre les seves experi\u00e8ncies educatives i les din\u00e0miques relacionades [&hellip;]<\/p>\n","protected":false},"author":1,"featured_media":1313,"comment_status":"closed","ping_status":"closed","sticky":false,"template":"","format":"standard","meta":{"footnotes":""},"categories":[26],"tags":[],"class_list":["post-1312","post","type-post","status-publish","format-standard","has-post-thumbnail","hentry","category-equip"],"_links":{"self":[{"href":"https:\/\/learnerproject.org\/ca\/wp-json\/wp\/v2\/posts\/1312","targetHints":{"allow":["GET"]}}],"collection":[{"href":"https:\/\/learnerproject.org\/ca\/wp-json\/wp\/v2\/posts"}],"about":[{"href":"https:\/\/learnerproject.org\/ca\/wp-json\/wp\/v2\/types\/post"}],"author":[{"embeddable":true,"href":"https:\/\/learnerproject.org\/ca\/wp-json\/wp\/v2\/users\/1"}],"replies":[{"embeddable":true,"href":"https:\/\/learnerproject.org\/ca\/wp-json\/wp\/v2\/comments?post=1312"}],"version-history":[{"count":1,"href":"https:\/\/learnerproject.org\/ca\/wp-json\/wp\/v2\/posts\/1312\/revisions"}],"predecessor-version":[{"id":1314,"href":"https:\/\/learnerproject.org\/ca\/wp-json\/wp\/v2\/posts\/1312\/revisions\/1314"}],"wp:featuredmedia":[{"embeddable":true,"href":"https:\/\/learnerproject.org\/ca\/wp-json\/wp\/v2\/media\/1313"}],"wp:attachment":[{"href":"https:\/\/learnerproject.org\/ca\/wp-json\/wp\/v2\/media?parent=1312"}],"wp:term":[{"taxonomy":"category","embeddable":true,"href":"https:\/\/learnerproject.org\/ca\/wp-json\/wp\/v2\/categories?post=1312"},{"taxonomy":"post_tag","embeddable":true,"href":"https:\/\/learnerproject.org\/ca\/wp-json\/wp\/v2\/tags?post=1312"}],"curies":[{"name":"wp","href":"https:\/\/api.w.org\/{rel}","templated":true}]}}