{"id":1306,"date":"2024-02-28T20:00:15","date_gmt":"2024-02-28T19:00:15","guid":{"rendered":"https:\/\/learnerproject.org\/marti-manzano\/"},"modified":"2024-04-29T11:35:19","modified_gmt":"2024-04-29T09:35:19","slug":"marti-manzano","status":"publish","type":"post","link":"https:\/\/learnerproject.org\/ca\/marti-manzano\/","title":{"rendered":"Mart\u00ed Manzano"},"content":{"rendered":"\n<p><strong>Mart\u00ed Manzano<\/strong> \u00e9s investigador postdoctoral al Departament de Sociolog\u00eda de la UAB. El seu treball en sociologia de l&#8217;educaci\u00f3 s&#8217;enfoca en explorar les interaccions de classe, migraci\u00f3 i etnicitat com eixos de desigualtat, estudiar les traject\u00f2ries educatives i les transicions, i examinar les connexions entre les identitats socials i acad\u00e8miques. A m\u00e9s, ha dut a terme recerques i publicat treballs en \u00e0rees com el m\u00e0rqueting escolar, la innovaci\u00f3 educativa i la segregaci\u00f3. Mart\u00ed tamb\u00e9 ha contribu\u00eft en projectes de recerca sobre abandonament escolar prematur i transicions educatives, i ha treballat com a consultor amb institucions com l&#8217;Ajuntament de Barcelona i l&#8217;escola de noves oportunitats El Llindar.<\/p>\n\n<p><strong>Google scholar:<\/strong><br\/><a href=\"https:\/\/scholar.google.com\/citations?user=jDBdZS0AAAAJ&amp;hl=ca&amp;oi=ao\">https:\/\/scholar.google.com\/citations?user=jDBdZS0AAAAJ&amp;hl=ca&amp;oi=ao<\/a><\/p>\n\n<p><strong>Researchgate:<\/strong><br\/><a href=\"https:\/\/www.researchgate.net\/profile\/Marti-Manzano\">https:\/\/www.researchgate.net\/profile\/Marti-Manzano<\/a><\/p>\n\n<p><strong>Link X:<\/strong><br\/><a href=\"https:\/\/twitter.com\/MartiSocio\">https:\/\/twitter.com\/MartiSocio<\/a><\/p>\n","protected":false},"excerpt":{"rendered":"<p>Mart\u00ed Manzano \u00e9s investigador postdoctoral al Departament de Sociolog\u00eda de la UAB. El seu treball en sociologia de l&#8217;educaci\u00f3 s&#8217;enfoca en explorar les interaccions de classe, migraci\u00f3 i etnicitat com eixos de desigualtat, estudiar les traject\u00f2ries educatives i les transicions, i examinar les connexions entre les identitats socials i acad\u00e8miques. A m\u00e9s, ha dut a [&hellip;]<\/p>\n","protected":false},"author":1,"featured_media":1307,"comment_status":"closed","ping_status":"closed","sticky":false,"template":"","format":"standard","meta":{"footnotes":""},"categories":[26],"tags":[],"class_list":["post-1306","post","type-post","status-publish","format-standard","has-post-thumbnail","hentry","category-equip"],"_links":{"self":[{"href":"https:\/\/learnerproject.org\/ca\/wp-json\/wp\/v2\/posts\/1306","targetHints":{"allow":["GET"]}}],"collection":[{"href":"https:\/\/learnerproject.org\/ca\/wp-json\/wp\/v2\/posts"}],"about":[{"href":"https:\/\/learnerproject.org\/ca\/wp-json\/wp\/v2\/types\/post"}],"author":[{"embeddable":true,"href":"https:\/\/learnerproject.org\/ca\/wp-json\/wp\/v2\/users\/1"}],"replies":[{"embeddable":true,"href":"https:\/\/learnerproject.org\/ca\/wp-json\/wp\/v2\/comments?post=1306"}],"version-history":[{"count":1,"href":"https:\/\/learnerproject.org\/ca\/wp-json\/wp\/v2\/posts\/1306\/revisions"}],"predecessor-version":[{"id":1308,"href":"https:\/\/learnerproject.org\/ca\/wp-json\/wp\/v2\/posts\/1306\/revisions\/1308"}],"wp:featuredmedia":[{"embeddable":true,"href":"https:\/\/learnerproject.org\/ca\/wp-json\/wp\/v2\/media\/1307"}],"wp:attachment":[{"href":"https:\/\/learnerproject.org\/ca\/wp-json\/wp\/v2\/media?parent=1306"}],"wp:term":[{"taxonomy":"category","embeddable":true,"href":"https:\/\/learnerproject.org\/ca\/wp-json\/wp\/v2\/categories?post=1306"},{"taxonomy":"post_tag","embeddable":true,"href":"https:\/\/learnerproject.org\/ca\/wp-json\/wp\/v2\/tags?post=1306"}],"curies":[{"name":"wp","href":"https:\/\/api.w.org\/{rel}","templated":true}]}}