{"id":1303,"date":"2024-02-28T16:00:41","date_gmt":"2024-02-28T15:00:41","guid":{"rendered":"https:\/\/learnerproject.org\/mariona-farre\/"},"modified":"2024-04-29T11:34:39","modified_gmt":"2024-04-29T09:34:39","slug":"mariona-farre","status":"publish","type":"post","link":"https:\/\/learnerproject.org\/ca\/mariona-farre\/","title":{"rendered":"Mariona Farr\u00e9"},"content":{"rendered":"\n<p>Mariona Farr\u00e9 \u00e9s doctoranda en el Departament de Sociologia de la Universitat Aut\u00f2noma de Barcelona. La seva recerca doctoral analitza les eleccions educatives i les transicions a l\u2019educaci\u00f3 secund\u00e0ria postobligat\u00f2ria en zones rurals. \u00c9s graduada en Sociologia (2018) i M\u00e0ster en Pol\u00edtica Social, Treball i Benestar (2020), per la mateixa universitat. Les seves principals \u00e0rees d&#8217;inter\u00e8s s\u00f3n la sociologia de l&#8217;educaci\u00f3, la sociologia de la joventut, la sociologia espacial i els m\u00e8todes qualitatius. En particular, els seus principals interessos de recerca s\u00f3n l&#8217;impacte de les desigualtats socials i espaials en les oportunitats educatives, els processos de construcci\u00f3 de la identitat i la configuraci\u00f3 de les aspiracions juvenils.<\/p>\n\n<p>A m\u00e9s, ha participat en el projecte &#8220;EduPost16\u201d. La construcci\u00f3 de les oportunitats educatives post-16. Una an\u00e0lisi de les transicions educatives postobligat\u00f2ries en entorns urbans amb pr\u00e0ctiques com a estudiant de grau i m\u00e0ster. Actualment, participa al projecte Acompanya&#8217;m i \u00e9s investigadora en un contracte de recerca amb l&#8217;Ajuntament de Barcelona sobre l&#8217;abandonament escolar prematur a Formaci\u00f3 professional de grau mitj\u00e0. <\/p>\n","protected":false},"excerpt":{"rendered":"<p>Mariona Farr\u00e9 \u00e9s doctoranda en el Departament de Sociologia de la Universitat Aut\u00f2noma de Barcelona. La seva recerca doctoral analitza les eleccions educatives i les transicions a l\u2019educaci\u00f3 secund\u00e0ria postobligat\u00f2ria en zones rurals. \u00c9s graduada en Sociologia (2018) i M\u00e0ster en Pol\u00edtica Social, Treball i Benestar (2020), per la mateixa universitat. Les seves principals \u00e0rees [&hellip;]<\/p>\n","protected":false},"author":1,"featured_media":1304,"comment_status":"closed","ping_status":"closed","sticky":false,"template":"","format":"standard","meta":{"footnotes":""},"categories":[26],"tags":[],"class_list":["post-1303","post","type-post","status-publish","format-standard","has-post-thumbnail","hentry","category-equip"],"_links":{"self":[{"href":"https:\/\/learnerproject.org\/ca\/wp-json\/wp\/v2\/posts\/1303","targetHints":{"allow":["GET"]}}],"collection":[{"href":"https:\/\/learnerproject.org\/ca\/wp-json\/wp\/v2\/posts"}],"about":[{"href":"https:\/\/learnerproject.org\/ca\/wp-json\/wp\/v2\/types\/post"}],"author":[{"embeddable":true,"href":"https:\/\/learnerproject.org\/ca\/wp-json\/wp\/v2\/users\/1"}],"replies":[{"embeddable":true,"href":"https:\/\/learnerproject.org\/ca\/wp-json\/wp\/v2\/comments?post=1303"}],"version-history":[{"count":1,"href":"https:\/\/learnerproject.org\/ca\/wp-json\/wp\/v2\/posts\/1303\/revisions"}],"predecessor-version":[{"id":1305,"href":"https:\/\/learnerproject.org\/ca\/wp-json\/wp\/v2\/posts\/1303\/revisions\/1305"}],"wp:featuredmedia":[{"embeddable":true,"href":"https:\/\/learnerproject.org\/ca\/wp-json\/wp\/v2\/media\/1304"}],"wp:attachment":[{"href":"https:\/\/learnerproject.org\/ca\/wp-json\/wp\/v2\/media?parent=1303"}],"wp:term":[{"taxonomy":"category","embeddable":true,"href":"https:\/\/learnerproject.org\/ca\/wp-json\/wp\/v2\/categories?post=1303"},{"taxonomy":"post_tag","embeddable":true,"href":"https:\/\/learnerproject.org\/ca\/wp-json\/wp\/v2\/tags?post=1303"}],"curies":[{"name":"wp","href":"https:\/\/api.w.org\/{rel}","templated":true}]}}