{"id":1294,"date":"2024-02-28T23:01:37","date_gmt":"2024-02-28T22:01:37","guid":{"rendered":"https:\/\/learnerproject.org\/javier-rujas\/"},"modified":"2024-04-29T11:32:46","modified_gmt":"2024-04-29T09:32:46","slug":"javier-rujas","status":"publish","type":"post","link":"https:\/\/learnerproject.org\/ca\/javier-rujas\/","title":{"rendered":"Javier Rujas"},"content":{"rendered":"\n<p>Javier Rujas \u00e9s Professor Contractat Doctor del Departament de Sociologia: Metodologia i Teoria de la Universitat Complutense de Madrid (UCM). \u00c9s doctor en Sociologia (UCM, 2015) amb una tesi sobre el \u201cfrac\u00e0s escolar\u201d a Espanya. Va ser professor de l&#8217;\u00c0rea de Sociologia de la Universitat de Burgos (UBU) entre 2017 i 2021. Ha realitzat estades breus en el Centre Europ\u00e9en de Sociologie et Science Politique (CESSP, EHESS Par\u00eds) i en el Institute of Education de Londres (IOE). \u00c9s soci fundador de Indaga, cooperativa de recerca i intervenci\u00f3 social (www.indaga.org), on va treballar entre 2015 i 2018. Les seves l\u00ednies de recerca s&#8217;emmarquen principalment en la sociologia de l&#8217;educaci\u00f3: desigualtats socials i educatives; frac\u00e0s, abandonament i retorn escolar; la construcci\u00f3 p\u00fablica dels problemes escolars; pol\u00edtiques educatives i dispositius escolars; traject\u00f2ries educatives i transicions a l&#8217;educaci\u00f3 postobligat\u00f2ria.<\/p>\n\n<p><strong>Links:<br\/><\/strong><a href=\"https:\/\/scholar.google.es\/citations?user=r54AE5AAAAAJ&amp;hl=es\">https:\/\/scholar.google.es\/citations?user=r54AE5AAAAAJ&amp;hl=es<\/a><br\/><a href=\"https:\/\/ucm.academia.edu\/JavierRujasMart%C3%ADnezNovillo\">https:\/\/ucm.academia.edu\/JavierRujasMart%C3%ADnezNovillo<\/a><br\/><a href=\"https:\/\/www.researchgate.net\/profile\/Javier-Rujas\">https:\/\/www.researchgate.net\/profile\/Javier-Rujas<\/a><\/p>\n","protected":false},"excerpt":{"rendered":"<p>Javier Rujas \u00e9s Professor Contractat Doctor del Departament de Sociologia: Metodologia i Teoria de la Universitat Complutense de Madrid (UCM). \u00c9s doctor en Sociologia (UCM, 2015) amb una tesi sobre el \u201cfrac\u00e0s escolar\u201d a Espanya. Va ser professor de l&#8217;\u00c0rea de Sociologia de la Universitat de Burgos (UBU) entre 2017 i 2021. Ha realitzat estades [&hellip;]<\/p>\n","protected":false},"author":1,"featured_media":1295,"comment_status":"closed","ping_status":"closed","sticky":false,"template":"","format":"standard","meta":{"footnotes":""},"categories":[26],"tags":[],"class_list":["post-1294","post","type-post","status-publish","format-standard","has-post-thumbnail","hentry","category-equip"],"_links":{"self":[{"href":"https:\/\/learnerproject.org\/ca\/wp-json\/wp\/v2\/posts\/1294","targetHints":{"allow":["GET"]}}],"collection":[{"href":"https:\/\/learnerproject.org\/ca\/wp-json\/wp\/v2\/posts"}],"about":[{"href":"https:\/\/learnerproject.org\/ca\/wp-json\/wp\/v2\/types\/post"}],"author":[{"embeddable":true,"href":"https:\/\/learnerproject.org\/ca\/wp-json\/wp\/v2\/users\/1"}],"replies":[{"embeddable":true,"href":"https:\/\/learnerproject.org\/ca\/wp-json\/wp\/v2\/comments?post=1294"}],"version-history":[{"count":1,"href":"https:\/\/learnerproject.org\/ca\/wp-json\/wp\/v2\/posts\/1294\/revisions"}],"predecessor-version":[{"id":1296,"href":"https:\/\/learnerproject.org\/ca\/wp-json\/wp\/v2\/posts\/1294\/revisions\/1296"}],"wp:featuredmedia":[{"embeddable":true,"href":"https:\/\/learnerproject.org\/ca\/wp-json\/wp\/v2\/media\/1295"}],"wp:attachment":[{"href":"https:\/\/learnerproject.org\/ca\/wp-json\/wp\/v2\/media?parent=1294"}],"wp:term":[{"taxonomy":"category","embeddable":true,"href":"https:\/\/learnerproject.org\/ca\/wp-json\/wp\/v2\/categories?post=1294"},{"taxonomy":"post_tag","embeddable":true,"href":"https:\/\/learnerproject.org\/ca\/wp-json\/wp\/v2\/tags?post=1294"}],"curies":[{"name":"wp","href":"https:\/\/api.w.org\/{rel}","templated":true}]}}