{"id":1291,"date":"2024-02-28T14:00:41","date_gmt":"2024-02-28T13:00:41","guid":{"rendered":"https:\/\/learnerproject.org\/ivan-cerrillo\/"},"modified":"2024-04-29T11:32:14","modified_gmt":"2024-04-29T09:32:14","slug":"ivan-cerrillo","status":"publish","type":"post","link":"https:\/\/learnerproject.org\/ca\/ivan-cerrillo\/","title":{"rendered":"Ivan Cerrillo"},"content":{"rendered":"\n<p>Ivan Cerrillo \u00e9s investigador predoctoral en el Departament de Sociologia de la Universitat Aut\u00f2noma de Barcelona (UAB). Posseeix un Grau en Ci\u00e8ncies Pol\u00edtiques i de l&#8217;Administraci\u00f3 (UPF) i M\u00e0ster en Gesti\u00f3 P\u00fablica (UAB-UB-UPF). Anteriorment, ha estat professor associat a la UPF i ha participat en projectes de recerca nacionals i europeus, com Social-Reg (IBEI) i rEUsilience (IGOP). Tamb\u00e9 ha treballat com a investigador independent en col\u00b7laboraci\u00f3 amb l&#8217;Institut Catal\u00e0 d&#8217;Avaluaci\u00f3 de Pol\u00edtiques (Iv\u00e0lua) i ha estat investigador visitant en el Quality of Government Institute de G\u00f6teborg (Su\u00e8cia). Les seves principals \u00e0rees d&#8217;inter\u00e8s en sociologia de l&#8217;educaci\u00f3 s\u00f3n la pol\u00edtica educativa, les traject\u00f2ries educatives i la reproducci\u00f3 de les desigualtats socials, abordades mitjan\u00e7ant un enfocament comparat i qualitatiu.<\/p>\n\n<p>Twitter <a href=\"https:\/\/twitter.com\/ivancema7\">@ivancema7<\/a><\/p>\n\n<p>Publications <a href=\"https:\/\/scholar.google.es\/citations?user=tdLeh-EAAAAJ&amp;hl=es&amp;oi=ao\">https:\/\/scholar.google.es\/citations?user=tdLeh-EAAAAJ&amp;hl=es&amp;oi=ao<\/a><\/p>\n\n<p>Research profile <a href=\"https:\/\/portalrecerca.uab.cat\/es\/persons\/ivan-cerrillo-mart%C3%ADn\">https:\/\/portalrecerca.uab.cat\/es\/persons\/ivan-cerrillo-mart%C3%ADn<\/a><\/p>\n","protected":false},"excerpt":{"rendered":"<p>Ivan Cerrillo \u00e9s investigador predoctoral en el Departament de Sociologia de la Universitat Aut\u00f2noma de Barcelona (UAB). Posseeix un Grau en Ci\u00e8ncies Pol\u00edtiques i de l&#8217;Administraci\u00f3 (UPF) i M\u00e0ster en Gesti\u00f3 P\u00fablica (UAB-UB-UPF). Anteriorment, ha estat professor associat a la UPF i ha participat en projectes de recerca nacionals i europeus, com Social-Reg (IBEI) i [&hellip;]<\/p>\n","protected":false},"author":1,"featured_media":1292,"comment_status":"closed","ping_status":"closed","sticky":false,"template":"","format":"standard","meta":{"footnotes":""},"categories":[26],"tags":[],"class_list":["post-1291","post","type-post","status-publish","format-standard","has-post-thumbnail","hentry","category-equip"],"_links":{"self":[{"href":"https:\/\/learnerproject.org\/ca\/wp-json\/wp\/v2\/posts\/1291","targetHints":{"allow":["GET"]}}],"collection":[{"href":"https:\/\/learnerproject.org\/ca\/wp-json\/wp\/v2\/posts"}],"about":[{"href":"https:\/\/learnerproject.org\/ca\/wp-json\/wp\/v2\/types\/post"}],"author":[{"embeddable":true,"href":"https:\/\/learnerproject.org\/ca\/wp-json\/wp\/v2\/users\/1"}],"replies":[{"embeddable":true,"href":"https:\/\/learnerproject.org\/ca\/wp-json\/wp\/v2\/comments?post=1291"}],"version-history":[{"count":1,"href":"https:\/\/learnerproject.org\/ca\/wp-json\/wp\/v2\/posts\/1291\/revisions"}],"predecessor-version":[{"id":1293,"href":"https:\/\/learnerproject.org\/ca\/wp-json\/wp\/v2\/posts\/1291\/revisions\/1293"}],"wp:featuredmedia":[{"embeddable":true,"href":"https:\/\/learnerproject.org\/ca\/wp-json\/wp\/v2\/media\/1292"}],"wp:attachment":[{"href":"https:\/\/learnerproject.org\/ca\/wp-json\/wp\/v2\/media?parent=1291"}],"wp:term":[{"taxonomy":"category","embeddable":true,"href":"https:\/\/learnerproject.org\/ca\/wp-json\/wp\/v2\/categories?post=1291"},{"taxonomy":"post_tag","embeddable":true,"href":"https:\/\/learnerproject.org\/ca\/wp-json\/wp\/v2\/tags?post=1291"}],"curies":[{"name":"wp","href":"https:\/\/api.w.org\/{rel}","templated":true}]}}