{"id":1273,"date":"2024-01-19T15:46:25","date_gmt":"2024-01-19T14:46:25","guid":{"rendered":"https:\/\/learnerproject.org\/primer-seminari-de-recerca-del-projecte-learner\/"},"modified":"2024-04-29T11:25:13","modified_gmt":"2024-04-29T09:25:13","slug":"primer-seminari-de-recerca-del-projecte-learner","status":"publish","type":"post","link":"https:\/\/learnerproject.org\/ca\/primer-seminari-de-recerca-del-projecte-learner\/","title":{"rendered":"Primer seminari de recerca del PROJECTE LEARNER"},"content":{"rendered":"\n<h2 class=\"wp-block-heading\">El primer Seminari de recerca del projecte LEARNER es va celebrar els dies 17 i 18 de gener del 2024 i va tenir dos objectius centrals:<\/h2>\n\n<p>El primer va ser generar una reflexi\u00f3 te\u00f2rica comuna sobre l&#8217;enfocament curricular basat en compet\u00e8ncies i revisar la normativa nacional i auton\u00f2mica que estableix les pol\u00edtiques i les directrius per a la implantaci\u00f3 d&#8217;aquest model als centres d\u2019educaci\u00f3 secund\u00e0ria. El segon va ser debatre els principals criteris que guiaran la selecci\u00f3 dels centres que participaran als estudis de cas qualitatius a Catalunya, Madrid i Extremadura. El seminari es va celebrar al Hub Social de la Fundaci\u00f3 Jaume Bofill de Barcelona i va comptar amb l\u2019assist\u00e8ncia de tots els membres de l\u2019equip del projecte.<\/p>\n\n<figure data-wp-context=\"{&quot;imageId&quot;:&quot;69f57b08c7df3&quot;}\" data-wp-interactive=\"core\/image\" data-wp-key=\"69f57b08c7df3\" class=\"wp-block-image alignleft size-medium wp-lightbox-container\"><img fetchpriority=\"high\" decoding=\"async\" width=\"300\" height=\"224\" data-wp-class--hide=\"state.isContentHidden\" data-wp-class--show=\"state.isContentVisible\" data-wp-init=\"callbacks.setButtonStyles\" data-wp-on--click=\"actions.showLightbox\" data-wp-on--load=\"callbacks.setButtonStyles\" data-wp-on-window--resize=\"callbacks.setButtonStyles\" src=\"https:\/\/learnerproject.org\/wp-content\/uploads\/2024\/02\/noticia2-300x224.jpg\" alt=\"\" class=\"wp-image-354\" style=\"object-fit:cover\" srcset=\"https:\/\/learnerproject.org\/wp-content\/uploads\/2024\/02\/noticia2-300x224.jpg 300w, https:\/\/learnerproject.org\/wp-content\/uploads\/2024\/02\/noticia2-1024x766.jpg 1024w, https:\/\/learnerproject.org\/wp-content\/uploads\/2024\/02\/noticia2-768x575.jpg 768w, https:\/\/learnerproject.org\/wp-content\/uploads\/2024\/02\/noticia2.jpg 1140w\" sizes=\"(max-width: 300px) 100vw, 300px\" \/><button\n\t\t\tclass=\"lightbox-trigger\"\n\t\t\ttype=\"button\"\n\t\t\taria-haspopup=\"dialog\"\n\t\t\taria-label=\"Amplia\"\n\t\t\tdata-wp-init=\"callbacks.initTriggerButton\"\n\t\t\tdata-wp-on--click=\"actions.showLightbox\"\n\t\t\tdata-wp-style--right=\"state.imageButtonRight\"\n\t\t\tdata-wp-style--top=\"state.imageButtonTop\"\n\t\t>\n\t\t\t<svg xmlns=\"http:\/\/www.w3.org\/2000\/svg\" width=\"12\" height=\"12\" fill=\"none\" viewBox=\"0 0 12 12\">\n\t\t\t\t<path fill=\"#fff\" d=\"M2 0a2 2 0 0 0-2 2v2h1.5V2a.5.5 0 0 1 .5-.5h2V0H2Zm2 10.5H2a.5.5 0 0 1-.5-.5V8H0v2a2 2 0 0 0 2 2h2v-1.5ZM8 12v-1.5h2a.5.5 0 0 0 .5-.5V8H12v2a2 2 0 0 1-2 2H8Zm2-12a2 2 0 0 1 2 2v2h-1.5V2a.5.5 0 0 0-.5-.5H8V0h2Z\" \/>\n\t\t\t<\/svg>\n\t\t<\/button><\/figure>\n","protected":false},"excerpt":{"rendered":"<p>El primer Seminari de recerca del projecte LEARNER es va celebrar els dies 17 i 18 de gener del 2024 i va tenir dos objectius centrals: El primer va ser generar una reflexi\u00f3 te\u00f2rica comuna sobre l&#8217;enfocament curricular basat en compet\u00e8ncies i revisar la normativa nacional i auton\u00f2mica que estableix les pol\u00edtiques i les directrius [&hellip;]<\/p>\n","protected":false},"author":1,"featured_media":1275,"comment_status":"closed","ping_status":"closed","sticky":false,"template":"","format":"standard","meta":{"footnotes":""},"categories":[25],"tags":[],"class_list":["post-1273","post","type-post","status-publish","format-standard","has-post-thumbnail","hentry","category-noticies"],"_links":{"self":[{"href":"https:\/\/learnerproject.org\/ca\/wp-json\/wp\/v2\/posts\/1273","targetHints":{"allow":["GET"]}}],"collection":[{"href":"https:\/\/learnerproject.org\/ca\/wp-json\/wp\/v2\/posts"}],"about":[{"href":"https:\/\/learnerproject.org\/ca\/wp-json\/wp\/v2\/types\/post"}],"author":[{"embeddable":true,"href":"https:\/\/learnerproject.org\/ca\/wp-json\/wp\/v2\/users\/1"}],"replies":[{"embeddable":true,"href":"https:\/\/learnerproject.org\/ca\/wp-json\/wp\/v2\/comments?post=1273"}],"version-history":[{"count":1,"href":"https:\/\/learnerproject.org\/ca\/wp-json\/wp\/v2\/posts\/1273\/revisions"}],"predecessor-version":[{"id":1276,"href":"https:\/\/learnerproject.org\/ca\/wp-json\/wp\/v2\/posts\/1273\/revisions\/1276"}],"wp:featuredmedia":[{"embeddable":true,"href":"https:\/\/learnerproject.org\/ca\/wp-json\/wp\/v2\/media\/1275"}],"wp:attachment":[{"href":"https:\/\/learnerproject.org\/ca\/wp-json\/wp\/v2\/media?parent=1273"}],"wp:term":[{"taxonomy":"category","embeddable":true,"href":"https:\/\/learnerproject.org\/ca\/wp-json\/wp\/v2\/categories?post=1273"},{"taxonomy":"post_tag","embeddable":true,"href":"https:\/\/learnerproject.org\/ca\/wp-json\/wp\/v2\/tags?post=1273"}],"curies":[{"name":"wp","href":"https:\/\/api.w.org\/{rel}","templated":true}]}}